{"id":941,"date":"2025-09-12T13:37:29","date_gmt":"2025-09-12T13:37:29","guid":{"rendered":"https:\/\/tekirdagdemirdokumkombiservisi.com.tr\/?p=941"},"modified":"2025-09-12T13:46:50","modified_gmt":"2025-09-12T13:46:50","slug":"demirdokum-kombi-aden-f0-ariza-kodu","status":"publish","type":"post","link":"https:\/\/tekirdagdemirdokumkombiservisi.com.tr\/index.php\/2025\/09\/12\/demirdokum-kombi-aden-f0-ariza-kodu\/","title":{"rendered":"Demird\u00f6k\u00fcm Kombi Aden F0 Ar\u0131za Kodu"},"content":{"rendered":"<p>bile<img fetchpriority=\"high\" decoding=\"async\" class=\"size-full wp-image-926 aligncenter\" src=\"https:\/\/tekirdagdemirdokumkombiservisi.com.tr\/wp-content\/uploads\/2024\/09\/Tekirdag-Suleymanpasa-Altinova-Kumbag-Hurriyet-Mahallesi-Degirmenalti-Koseilyas-Yenice-Yeniciftlik-Marmaraereglisi-Muratli-Ergene-Corlu-Demirdokum-Kombi-Servisi.webp\" alt=\"Tekirdag-Suleymanpasa-Altinova-Kumbag-Hurriyet-Mahallesi-Degirmenalti-Koseilyas-Yenice-Yeniciftlik-Marmaraereglisi-Muratli-Ergene-Corlu-Demirdokum-Kombi-Servisi\" width=\"1226\" height=\"566\" srcset=\"https:\/\/tekirdagdemirdokumkombiservisi.com.tr\/wp-content\/uploads\/2024\/09\/Tekirdag-Suleymanpasa-Altinova-Kumbag-Hurriyet-Mahallesi-Degirmenalti-Koseilyas-Yenice-Yeniciftlik-Marmaraereglisi-Muratli-Ergene-Corlu-Demirdokum-Kombi-Servisi.webp 1226w, https:\/\/tekirdagdemirdokumkombiservisi.com.tr\/wp-content\/uploads\/2024\/09\/Tekirdag-Suleymanpasa-Altinova-Kumbag-Hurriyet-Mahallesi-Degirmenalti-Koseilyas-Yenice-Yeniciftlik-Marmaraereglisi-Muratli-Ergene-Corlu-Demirdokum-Kombi-Servisi-300x138.webp 300w, https:\/\/tekirdagdemirdokumkombiservisi.com.tr\/wp-content\/uploads\/2024\/09\/Tekirdag-Suleymanpasa-Altinova-Kumbag-Hurriyet-Mahallesi-Degirmenalti-Koseilyas-Yenice-Yeniciftlik-Marmaraereglisi-Muratli-Ergene-Corlu-Demirdokum-Kombi-Servisi-1024x473.webp 1024w, https:\/\/tekirdagdemirdokumkombiservisi.com.tr\/wp-content\/uploads\/2024\/09\/Tekirdag-Suleymanpasa-Altinova-Kumbag-Hurriyet-Mahallesi-Degirmenalti-Koseilyas-Yenice-Yeniciftlik-Marmaraereglisi-Muratli-Ergene-Corlu-Demirdokum-Kombi-Servisi-768x355.webp 768w, https:\/\/tekirdagdemirdokumkombiservisi.com.tr\/wp-content\/uploads\/2024\/09\/Tekirdag-Suleymanpasa-Altinova-Kumbag-Hurriyet-Mahallesi-Degirmenalti-Koseilyas-Yenice-Yeniciftlik-Marmaraereglisi-Muratli-Ergene-Corlu-Demirdokum-Kombi-Servisi-1000x462.webp 1000w, https:\/\/tekirdagdemirdokumkombiservisi.com.tr\/wp-content\/uploads\/2024\/09\/Tekirdag-Suleymanpasa-Altinova-Kumbag-Hurriyet-Mahallesi-Degirmenalti-Koseilyas-Yenice-Yeniciftlik-Marmaraereglisi-Muratli-Ergene-Corlu-Demirdokum-Kombi-Servisi-230x106.webp 230w, https:\/\/tekirdagdemirdokumkombiservisi.com.tr\/wp-content\/uploads\/2024\/09\/Tekirdag-Suleymanpasa-Altinova-Kumbag-Hurriyet-Mahallesi-Degirmenalti-Koseilyas-Yenice-Yeniciftlik-Marmaraereglisi-Muratli-Ergene-Corlu-Demirdokum-Kombi-Servisi-350x162.webp 350w, https:\/\/tekirdagdemirdokumkombiservisi.com.tr\/wp-content\/uploads\/2024\/09\/Tekirdag-Suleymanpasa-Altinova-Kumbag-Hurriyet-Mahallesi-Degirmenalti-Koseilyas-Yenice-Yeniciftlik-Marmaraereglisi-Muratli-Ergene-Corlu-Demirdokum-Kombi-Servisi-480x222.webp 480w\" sizes=\"(max-width: 1226px) 100vw, 1226px\" \/><\/p>\n<h1>Demird\u00f6k\u00fcm Kombi F0 Hatas\u0131 ve \u00c7\u00f6z\u00fcm\u00fc<\/h1>\n<p><a href=\"https:\/\/tekirdagdemirdokumkombiservisi.com.tr\/index.php\/2025\/09\/12\/demirdokum-kombi-aden-f0-ariza-kodu\/\">Demird\u00f6k\u00fcm<\/a> Kombi Aden F0 Hatas\u0131 ve \u00c7\u00f6z\u00fcm\u00fc. Kombi markalar\u0131 i\u00e7erisinde Demird\u00f6k\u00fcm, dayan\u0131kl\u0131l\u0131\u011f\u0131 ayn\u0131 zamanda performans\u0131 ile evlerde en \u00e7ok tercih edilen \u0131s\u0131tma cihazlar\u0131 aras\u0131nda yer al\u0131r. Ancak zaman zaman kullan\u0131c\u0131lar\u0131n kar\u015f\u0131la\u015ft\u0131\u011f\u0131 hata kodlar\u0131, kombinin do\u011fru \u00e7al\u0131\u015fmad\u0131\u011f\u0131n\u0131 g\u00f6sterir. F0 hatas\u0131, Demird\u00f6k\u00fcm kombilerde en s\u0131k g\u00f6r\u00fclen ar\u0131za kodlar\u0131ndan biridir. Peki Demird\u00f6k\u00fcm kombi F0 hatas\u0131 nedir, neden olur ayr\u0131ca nas\u0131l \u00e7\u00f6z\u00fcl\u00fcr? \u0130\u015fte detaylar\u2026<\/p>\n<h2>Demird\u00f6k\u00fcm Kombi F0 Hatas\u0131 Nedir?<\/h2>\n<p>F0 hata kodu, kombide su bas\u0131nc\u0131n\u0131n d\u00fc\u015f\u00fck oldu\u011funu belirtir. Kombinin sa\u011fl\u0131kl\u0131 \u00e7al\u0131\u015fabilmesi i\u00e7in tesisattaki su bas\u0131nc\u0131n\u0131n belirli bir seviyede (genellikle 1 \u2013 2 bar aras\u0131nda) olmas\u0131 gerekir. Bas\u0131n\u00e7 d\u00fc\u015ft\u00fc\u011f\u00fcnde kombi kendini korumaya al\u0131r ayr\u0131ca ekranda F0 hatas\u0131 belirir.<\/p>\n<h3>Demird\u00f6k\u00fcm Kombi F0 Hatas\u0131n\u0131n Nedenleri<\/h3>\n<p>* Kombi tesisat\u0131nda su eksilmesi<br \/>\n* Radyat\u00f6rlerde hava olmas\u0131<br \/>\n* Kombi doldurma muslu\u011funun kapal\u0131 olmas\u0131<br \/>\n* Su bas\u0131n\u00e7 g\u00f6stergesinin (manometre) ar\u0131zalanmas\u0131<br \/>\n* Tesisatta gizli su ka\u00e7a\u011f\u0131 bulunmas\u0131<\/p>\n<h4>Demird\u00f6k\u00fcm Kombi F0 Hatas\u0131 Nas\u0131l Giderilir?<\/h4>\n<p>1. Su Bas\u0131nc\u0131n\u0131 Kontrol Edin: Kombinizin ekran\u0131ndaki veya manometresindeki bar de\u011ferine bak\u0131n. 1 bar\u0131n alt\u0131na d\u00fc\u015ft\u00fcyse su eklenmesi gerekir.<br \/>\n2. Su Takviyesi Yap\u0131n: Kombi alt\u0131ndaki doldurma muslu\u011funu (genellikle siyah veya mavi renkli vana) yava\u015f\u00e7a a\u00e7\u0131n. Bar de\u011feri 1,5 seviyesine geldi\u011finde vanay\u0131 kapat\u0131n.<br \/>\n3. Radyat\u00f6rleri Kontrol Edin: Peteklerde hava varsa, hava alma i\u015flemi yaparak sistemi dengeleyin.<br \/>\n4. Ka\u00e7ak Kontrol\u00fc: S\u0131k s\u0131k F0 hatas\u0131 al\u0131yorsan\u0131z, tesisatta gizli bir su ka\u00e7a\u011f\u0131 olu olmad\u0131\u011f\u0131n\u0131 kontrol ettirin. Bu durumda mutlaka profesyonel bir kombi servisi \u00e7a\u011f\u0131r\u0131n.<br \/>\n5. Servis \u00c7a\u011f\u0131r\u0131n: Su bas\u0131nc\u0131 normal oldu\u011fu halde hata devam ediyorsa, bas\u0131n\u00e7 sens\u00f6r\u00fc veya elektronik kart ar\u0131zas\u0131 s\u00f6z konusu olabilir. Bu durumda Demird\u00f6k\u00fcm kombi servisi sorunu \u00e7\u00f6zecektir<a href=\"http:\/\/www.google.com.tr\">.<\/a><\/p>\n<h3>Sonu\u00e7<\/h3>\n<p>Demird\u00f6k\u00fcm kombi Aden F0 hatas\u0131, genellikle kullan\u0131c\u0131lar\u0131n kolayl\u0131kla \u00e7\u00f6zebilece\u011fi d\u00fc\u015f\u00fck su bas\u0131nc\u0131 probleminden kaynaklan\u0131r. D\u00fczenli bak\u0131m yapt\u0131rmak ayr\u0131ca kombi bas\u0131nc\u0131n\u0131 takip etmek, bu hatan\u0131n s\u0131k ya\u015fanmas\u0131n\u0131 engeller. E\u011fer sorun tekrarlan\u0131yorsa, zaman kaybetmeden uzman bir kombi servisine ba\u015fvurman\u0131z gerekir.<\/p>\n","protected":false},"excerpt":{"rendered":"<p>bile Demird\u00f6k\u00fcm Kombi F0 Hatas\u0131 ve \u00c7\u00f6z\u00fcm\u00fc Demird\u00f6k\u00fcm Kombi Aden F0 Hatas\u0131 ve \u00c7\u00f6z\u00fcm\u00fc. Kombi markalar\u0131 i\u00e7erisinde Demird\u00f6k\u00fcm, dayan\u0131kl\u0131l\u0131\u011f\u0131 ayn\u0131 zamanda performans\u0131 ile evlerde en [&hellip;]<\/p>\n","protected":false},"author":1,"featured_media":0,"comment_status":"open","ping_status":"open","sticky":false,"template":"","format":"standard","meta":{"footnotes":""},"categories":[193],"tags":[198,195,194,199,196,197,200],"class_list":["post-941","post","type-post","status-publish","format-standard","hentry","category-hata-kodlari","tag-demirdokum-kombi-basinc-dusmesi","tag-demirdokum-kombi-f0-arizasi","tag-demirdokum-kombi-f0-hatasi","tag-demirdokum-kombi-hata-kodlari","tag-demirdokum-kombi-su-basinci-hatasi","tag-demirdokum-kombi-su-doldurma","tag-kombi-f0-hatasi-cozumu"],"yoast_head":"<!-- This site is optimized with the Yoast SEO plugin v27.5 - https:\/\/yoast.com\/product\/yoast-seo-wordpress\/ -->\n<title>Demird\u00f6k\u00fcm Kombi Aden F0 Ar\u0131za Kodu - Tekirda\u011f Demird\u00f6k\u00fcm Kombi Servisi 0282 263 22 96<\/title>\n<meta name=\"description\" content=\"Demird\u00f6k\u00fcm Kombi Aden F0 Ar\u0131za Kodu ve \u00c7\u00f6z\u00fcm\u00fc. F0 hatas\u0131, Demird\u00f6k\u00fcm kombilerde en s\u0131k g\u00f6r\u00fclen ar\u0131za kodlar\u0131ndan biridir. 0282 263 22 96\" \/>\n<meta name=\"robots\" content=\"index, follow, max-snippet:-1, max-image-preview:large, max-video-preview:-1\" \/>\n<link rel=\"canonical\" href=\"https:\/\/tekirdagdemirdokumkombiservisi.com.tr\/index.php\/2025\/09\/12\/demirdokum-kombi-aden-f0-ariza-kodu\/\" \/>\n<meta property=\"og:locale\" content=\"tr_TR\" \/>\n<meta property=\"og:type\" content=\"article\" \/>\n<meta property=\"og:title\" content=\"Demird\u00f6k\u00fcm Kombi Aden F0 Ar\u0131za Kodu - Tekirda\u011f Demird\u00f6k\u00fcm Kombi Servisi 0282 263 22 96\" \/>\n<meta property=\"og:description\" content=\"Demird\u00f6k\u00fcm Kombi Aden F0 Ar\u0131za Kodu ve \u00c7\u00f6z\u00fcm\u00fc. F0 hatas\u0131, Demird\u00f6k\u00fcm kombilerde en s\u0131k g\u00f6r\u00fclen ar\u0131za kodlar\u0131ndan biridir. 0282 263 22 96\" \/>\n<meta property=\"og:url\" content=\"https:\/\/tekirdagdemirdokumkombiservisi.com.tr\/index.php\/2025\/09\/12\/demirdokum-kombi-aden-f0-ariza-kodu\/\" \/>\n<meta property=\"og:site_name\" content=\"Tekirda\u011f Demird\u00f6k\u00fcm Kombi Servisi 0282 263 22 96\" \/>\n<meta property=\"article:published_time\" content=\"2025-09-12T13:37:29+00:00\" \/>\n<meta property=\"article:modified_time\" content=\"2025-09-12T13:46:50+00:00\" \/>\n<meta property=\"og:image\" content=\"https:\/\/tekirdagdemirdokumkombiservisi.com.tr\/wp-content\/uploads\/2024\/09\/Tekirdag-Suleymanpasa-Altinova-Kumbag-Hurriyet-Mahallesi-Degirmenalti-Koseilyas-Yenice-Yeniciftlik-Marmaraereglisi-Muratli-Ergene-Corlu-Demirdokum-Kombi-Servisi.webp\" \/>\n\t<meta property=\"og:image:width\" content=\"1226\" \/>\n\t<meta property=\"og:image:height\" content=\"566\" \/>\n\t<meta property=\"og:image:type\" content=\"image\/webp\" \/>\n<meta name=\"author\" content=\"admin\" \/>\n<meta name=\"twitter:card\" content=\"summary_large_image\" \/>\n<meta name=\"twitter:label1\" content=\"Yazan:\" \/>\n\t<meta name=\"twitter:data1\" content=\"admin\" \/>\n\t<meta name=\"twitter:label2\" content=\"Tahmini okuma s\u00fcresi\" \/>\n\t<meta name=\"twitter:data2\" content=\"2 dakika\" \/>\n<script type=\"application\/ld+json\" class=\"yoast-schema-graph\">{\"@context\":\"https:\\\/\\\/schema.org\",\"@graph\":[{\"@type\":\"Article\",\"@id\":\"https:\\\/\\\/tekirdagdemirdokumkombiservisi.com.tr\\\/index.php\\\/2025\\\/09\\\/12\\\/demirdokum-kombi-aden-f0-ariza-kodu\\\/#article\",\"isPartOf\":{\"@id\":\"https:\\\/\\\/tekirdagdemirdokumkombiservisi.com.tr\\\/index.php\\\/2025\\\/09\\\/12\\\/demirdokum-kombi-aden-f0-ariza-kodu\\\/\"},\"author\":{\"name\":\"admin\",\"@id\":\"https:\\\/\\\/tekirdagdemirdokumkombiservisi.com.tr\\\/#\\\/schema\\\/person\\\/c953e73d8f8d4eb8c1f01dc911c704ef\"},\"headline\":\"Demird\u00f6k\u00fcm Kombi Aden F0 Ar\u0131za Kodu\",\"datePublished\":\"2025-09-12T13:37:29+00:00\",\"dateModified\":\"2025-09-12T13:46:50+00:00\",\"mainEntityOfPage\":{\"@id\":\"https:\\\/\\\/tekirdagdemirdokumkombiservisi.com.tr\\\/index.php\\\/2025\\\/09\\\/12\\\/demirdokum-kombi-aden-f0-ariza-kodu\\\/\"},\"wordCount\":420,\"commentCount\":0,\"image\":{\"@id\":\"https:\\\/\\\/tekirdagdemirdokumkombiservisi.com.tr\\\/index.php\\\/2025\\\/09\\\/12\\\/demirdokum-kombi-aden-f0-ariza-kodu\\\/#primaryimage\"},\"thumbnailUrl\":\"https:\\\/\\\/tekirdagdemirdokumkombiservisi.com.tr\\\/wp-content\\\/uploads\\\/2024\\\/09\\\/Tekirdag-Suleymanpasa-Altinova-Kumbag-Hurriyet-Mahallesi-Degirmenalti-Koseilyas-Yenice-Yeniciftlik-Marmaraereglisi-Muratli-Ergene-Corlu-Demirdokum-Kombi-Servisi.webp\",\"keywords\":[\"Demird\u00f6k\u00fcm kombi bas\u0131n\u00e7 d\u00fc\u015fmesi\",\"Demird\u00f6k\u00fcm kombi F0 ar\u0131zas\u0131\",\"Demird\u00f6k\u00fcm kombi F0 hatas\u0131\",\"Demird\u00f6k\u00fcm kombi hata kodlar\u0131\",\"Demird\u00f6k\u00fcm kombi su bas\u0131nc\u0131 hatas\u0131\",\"Demird\u00f6k\u00fcm kombi su doldurma\",\"kombi F0 hatas\u0131 \u00e7\u00f6z\u00fcm\u00fc\"],\"articleSection\":[\"HATA KODLARI\"],\"inLanguage\":\"tr\",\"potentialAction\":[{\"@type\":\"CommentAction\",\"name\":\"Comment\",\"target\":[\"https:\\\/\\\/tekirdagdemirdokumkombiservisi.com.tr\\\/index.php\\\/2025\\\/09\\\/12\\\/demirdokum-kombi-aden-f0-ariza-kodu\\\/#respond\"]}]},{\"@type\":\"WebPage\",\"@id\":\"https:\\\/\\\/tekirdagdemirdokumkombiservisi.com.tr\\\/index.php\\\/2025\\\/09\\\/12\\\/demirdokum-kombi-aden-f0-ariza-kodu\\\/\",\"url\":\"https:\\\/\\\/tekirdagdemirdokumkombiservisi.com.tr\\\/index.php\\\/2025\\\/09\\\/12\\\/demirdokum-kombi-aden-f0-ariza-kodu\\\/\",\"name\":\"Demird\u00f6k\u00fcm Kombi Aden F0 Ar\u0131za Kodu - Tekirda\u011f Demird\u00f6k\u00fcm Kombi Servisi 0282 263 22 96\",\"isPartOf\":{\"@id\":\"https:\\\/\\\/tekirdagdemirdokumkombiservisi.com.tr\\\/#website\"},\"primaryImageOfPage\":{\"@id\":\"https:\\\/\\\/tekirdagdemirdokumkombiservisi.com.tr\\\/index.php\\\/2025\\\/09\\\/12\\\/demirdokum-kombi-aden-f0-ariza-kodu\\\/#primaryimage\"},\"image\":{\"@id\":\"https:\\\/\\\/tekirdagdemirdokumkombiservisi.com.tr\\\/index.php\\\/2025\\\/09\\\/12\\\/demirdokum-kombi-aden-f0-ariza-kodu\\\/#primaryimage\"},\"thumbnailUrl\":\"https:\\\/\\\/tekirdagdemirdokumkombiservisi.com.tr\\\/wp-content\\\/uploads\\\/2024\\\/09\\\/Tekirdag-Suleymanpasa-Altinova-Kumbag-Hurriyet-Mahallesi-Degirmenalti-Koseilyas-Yenice-Yeniciftlik-Marmaraereglisi-Muratli-Ergene-Corlu-Demirdokum-Kombi-Servisi.webp\",\"datePublished\":\"2025-09-12T13:37:29+00:00\",\"dateModified\":\"2025-09-12T13:46:50+00:00\",\"author\":{\"@id\":\"https:\\\/\\\/tekirdagdemirdokumkombiservisi.com.tr\\\/#\\\/schema\\\/person\\\/c953e73d8f8d4eb8c1f01dc911c704ef\"},\"description\":\"Demird\u00f6k\u00fcm Kombi Aden F0 Ar\u0131za Kodu ve \u00c7\u00f6z\u00fcm\u00fc. F0 hatas\u0131, Demird\u00f6k\u00fcm kombilerde en s\u0131k g\u00f6r\u00fclen ar\u0131za kodlar\u0131ndan biridir. 0282 263 22 96\",\"breadcrumb\":{\"@id\":\"https:\\\/\\\/tekirdagdemirdokumkombiservisi.com.tr\\\/index.php\\\/2025\\\/09\\\/12\\\/demirdokum-kombi-aden-f0-ariza-kodu\\\/#breadcrumb\"},\"inLanguage\":\"tr\",\"potentialAction\":[{\"@type\":\"ReadAction\",\"target\":[\"https:\\\/\\\/tekirdagdemirdokumkombiservisi.com.tr\\\/index.php\\\/2025\\\/09\\\/12\\\/demirdokum-kombi-aden-f0-ariza-kodu\\\/\"]}]},{\"@type\":\"ImageObject\",\"inLanguage\":\"tr\",\"@id\":\"https:\\\/\\\/tekirdagdemirdokumkombiservisi.com.tr\\\/index.php\\\/2025\\\/09\\\/12\\\/demirdokum-kombi-aden-f0-ariza-kodu\\\/#primaryimage\",\"url\":\"https:\\\/\\\/tekirdagdemirdokumkombiservisi.com.tr\\\/wp-content\\\/uploads\\\/2024\\\/09\\\/Tekirdag-Suleymanpasa-Altinova-Kumbag-Hurriyet-Mahallesi-Degirmenalti-Koseilyas-Yenice-Yeniciftlik-Marmaraereglisi-Muratli-Ergene-Corlu-Demirdokum-Kombi-Servisi.webp\",\"contentUrl\":\"https:\\\/\\\/tekirdagdemirdokumkombiservisi.com.tr\\\/wp-content\\\/uploads\\\/2024\\\/09\\\/Tekirdag-Suleymanpasa-Altinova-Kumbag-Hurriyet-Mahallesi-Degirmenalti-Koseilyas-Yenice-Yeniciftlik-Marmaraereglisi-Muratli-Ergene-Corlu-Demirdokum-Kombi-Servisi.webp\",\"width\":1226,\"height\":566,\"caption\":\"Tekirdag-Suleymanpasa-Altinova-Kumbag-Hurriyet-Mahallesi-Degirmenalti-Koseilyas-Yenice-Yeniciftlik-Marmaraereglisi-Muratli-Ergene-Corlu-Demirdokum-Kombi-Servisi\"},{\"@type\":\"BreadcrumbList\",\"@id\":\"https:\\\/\\\/tekirdagdemirdokumkombiservisi.com.tr\\\/index.php\\\/2025\\\/09\\\/12\\\/demirdokum-kombi-aden-f0-ariza-kodu\\\/#breadcrumb\",\"itemListElement\":[{\"@type\":\"ListItem\",\"position\":1,\"name\":\"Anasayfa\",\"item\":\"https:\\\/\\\/tekirdagdemirdokumkombiservisi.com.tr\\\/\"},{\"@type\":\"ListItem\",\"position\":2,\"name\":\"Demird\u00f6k\u00fcm Kombi Aden F0 Ar\u0131za Kodu\"}]},{\"@type\":\"WebSite\",\"@id\":\"https:\\\/\\\/tekirdagdemirdokumkombiservisi.com.tr\\\/#website\",\"url\":\"https:\\\/\\\/tekirdagdemirdokumkombiservisi.com.tr\\\/\",\"name\":\"Tekirda\u011f Demird\u00f6k\u00fcm Kombi Servisi 0282 263 22 96\",\"description\":\"Ayn\u0131 G\u00fcn Hizmet 7\\\/24 Destek\",\"potentialAction\":[{\"@type\":\"SearchAction\",\"target\":{\"@type\":\"EntryPoint\",\"urlTemplate\":\"https:\\\/\\\/tekirdagdemirdokumkombiservisi.com.tr\\\/?s={search_term_string}\"},\"query-input\":{\"@type\":\"PropertyValueSpecification\",\"valueRequired\":true,\"valueName\":\"search_term_string\"}}],\"inLanguage\":\"tr\"},{\"@type\":\"Person\",\"@id\":\"https:\\\/\\\/tekirdagdemirdokumkombiservisi.com.tr\\\/#\\\/schema\\\/person\\\/c953e73d8f8d4eb8c1f01dc911c704ef\",\"name\":\"admin\",\"image\":{\"@type\":\"ImageObject\",\"inLanguage\":\"tr\",\"@id\":\"https:\\\/\\\/secure.gravatar.com\\\/avatar\\\/109f5f4b7b9019d3dafecd09c33c5b24346740fdbf790f0505c3e6d8fcc4e9ac?s=96&d=mm&r=g\",\"url\":\"https:\\\/\\\/secure.gravatar.com\\\/avatar\\\/109f5f4b7b9019d3dafecd09c33c5b24346740fdbf790f0505c3e6d8fcc4e9ac?s=96&d=mm&r=g\",\"contentUrl\":\"https:\\\/\\\/secure.gravatar.com\\\/avatar\\\/109f5f4b7b9019d3dafecd09c33c5b24346740fdbf790f0505c3e6d8fcc4e9ac?s=96&d=mm&r=g\",\"caption\":\"admin\"},\"sameAs\":[\"https:\\\/\\\/tekirdagdemirdokumkombiservisi.com.tr\"],\"url\":\"https:\\\/\\\/tekirdagdemirdokumkombiservisi.com.tr\\\/index.php\\\/author\\\/erman\\\/\"}]}<\/script>\n<!-- \/ Yoast SEO plugin. -->","yoast_head_json":{"title":"Demird\u00f6k\u00fcm Kombi Aden F0 Ar\u0131za Kodu - Tekirda\u011f Demird\u00f6k\u00fcm Kombi Servisi 0282 263 22 96","description":"Demird\u00f6k\u00fcm Kombi Aden F0 Ar\u0131za Kodu ve \u00c7\u00f6z\u00fcm\u00fc. F0 hatas\u0131, Demird\u00f6k\u00fcm kombilerde en s\u0131k g\u00f6r\u00fclen ar\u0131za kodlar\u0131ndan biridir. 0282 263 22 96","robots":{"index":"index","follow":"follow","max-snippet":"max-snippet:-1","max-image-preview":"max-image-preview:large","max-video-preview":"max-video-preview:-1"},"canonical":"https:\/\/tekirdagdemirdokumkombiservisi.com.tr\/index.php\/2025\/09\/12\/demirdokum-kombi-aden-f0-ariza-kodu\/","og_locale":"tr_TR","og_type":"article","og_title":"Demird\u00f6k\u00fcm Kombi Aden F0 Ar\u0131za Kodu - Tekirda\u011f Demird\u00f6k\u00fcm Kombi Servisi 0282 263 22 96","og_description":"Demird\u00f6k\u00fcm Kombi Aden F0 Ar\u0131za Kodu ve \u00c7\u00f6z\u00fcm\u00fc. F0 hatas\u0131, Demird\u00f6k\u00fcm kombilerde en s\u0131k g\u00f6r\u00fclen ar\u0131za kodlar\u0131ndan biridir. 0282 263 22 96","og_url":"https:\/\/tekirdagdemirdokumkombiservisi.com.tr\/index.php\/2025\/09\/12\/demirdokum-kombi-aden-f0-ariza-kodu\/","og_site_name":"Tekirda\u011f Demird\u00f6k\u00fcm Kombi Servisi 0282 263 22 96","article_published_time":"2025-09-12T13:37:29+00:00","article_modified_time":"2025-09-12T13:46:50+00:00","og_image":[{"width":1226,"height":566,"url":"https:\/\/tekirdagdemirdokumkombiservisi.com.tr\/wp-content\/uploads\/2024\/09\/Tekirdag-Suleymanpasa-Altinova-Kumbag-Hurriyet-Mahallesi-Degirmenalti-Koseilyas-Yenice-Yeniciftlik-Marmaraereglisi-Muratli-Ergene-Corlu-Demirdokum-Kombi-Servisi.webp","type":"image\/webp"}],"author":"admin","twitter_card":"summary_large_image","twitter_misc":{"Yazan:":"admin","Tahmini okuma s\u00fcresi":"2 dakika"},"schema":{"@context":"https:\/\/schema.org","@graph":[{"@type":"Article","@id":"https:\/\/tekirdagdemirdokumkombiservisi.com.tr\/index.php\/2025\/09\/12\/demirdokum-kombi-aden-f0-ariza-kodu\/#article","isPartOf":{"@id":"https:\/\/tekirdagdemirdokumkombiservisi.com.tr\/index.php\/2025\/09\/12\/demirdokum-kombi-aden-f0-ariza-kodu\/"},"author":{"name":"admin","@id":"https:\/\/tekirdagdemirdokumkombiservisi.com.tr\/#\/schema\/person\/c953e73d8f8d4eb8c1f01dc911c704ef"},"headline":"Demird\u00f6k\u00fcm Kombi Aden F0 Ar\u0131za Kodu","datePublished":"2025-09-12T13:37:29+00:00","dateModified":"2025-09-12T13:46:50+00:00","mainEntityOfPage":{"@id":"https:\/\/tekirdagdemirdokumkombiservisi.com.tr\/index.php\/2025\/09\/12\/demirdokum-kombi-aden-f0-ariza-kodu\/"},"wordCount":420,"commentCount":0,"image":{"@id":"https:\/\/tekirdagdemirdokumkombiservisi.com.tr\/index.php\/2025\/09\/12\/demirdokum-kombi-aden-f0-ariza-kodu\/#primaryimage"},"thumbnailUrl":"https:\/\/tekirdagdemirdokumkombiservisi.com.tr\/wp-content\/uploads\/2024\/09\/Tekirdag-Suleymanpasa-Altinova-Kumbag-Hurriyet-Mahallesi-Degirmenalti-Koseilyas-Yenice-Yeniciftlik-Marmaraereglisi-Muratli-Ergene-Corlu-Demirdokum-Kombi-Servisi.webp","keywords":["Demird\u00f6k\u00fcm kombi bas\u0131n\u00e7 d\u00fc\u015fmesi","Demird\u00f6k\u00fcm kombi F0 ar\u0131zas\u0131","Demird\u00f6k\u00fcm kombi F0 hatas\u0131","Demird\u00f6k\u00fcm kombi hata kodlar\u0131","Demird\u00f6k\u00fcm kombi su bas\u0131nc\u0131 hatas\u0131","Demird\u00f6k\u00fcm kombi su doldurma","kombi F0 hatas\u0131 \u00e7\u00f6z\u00fcm\u00fc"],"articleSection":["HATA KODLARI"],"inLanguage":"tr","potentialAction":[{"@type":"CommentAction","name":"Comment","target":["https:\/\/tekirdagdemirdokumkombiservisi.com.tr\/index.php\/2025\/09\/12\/demirdokum-kombi-aden-f0-ariza-kodu\/#respond"]}]},{"@type":"WebPage","@id":"https:\/\/tekirdagdemirdokumkombiservisi.com.tr\/index.php\/2025\/09\/12\/demirdokum-kombi-aden-f0-ariza-kodu\/","url":"https:\/\/tekirdagdemirdokumkombiservisi.com.tr\/index.php\/2025\/09\/12\/demirdokum-kombi-aden-f0-ariza-kodu\/","name":"Demird\u00f6k\u00fcm Kombi Aden F0 Ar\u0131za Kodu - Tekirda\u011f Demird\u00f6k\u00fcm Kombi Servisi 0282 263 22 96","isPartOf":{"@id":"https:\/\/tekirdagdemirdokumkombiservisi.com.tr\/#website"},"primaryImageOfPage":{"@id":"https:\/\/tekirdagdemirdokumkombiservisi.com.tr\/index.php\/2025\/09\/12\/demirdokum-kombi-aden-f0-ariza-kodu\/#primaryimage"},"image":{"@id":"https:\/\/tekirdagdemirdokumkombiservisi.com.tr\/index.php\/2025\/09\/12\/demirdokum-kombi-aden-f0-ariza-kodu\/#primaryimage"},"thumbnailUrl":"https:\/\/tekirdagdemirdokumkombiservisi.com.tr\/wp-content\/uploads\/2024\/09\/Tekirdag-Suleymanpasa-Altinova-Kumbag-Hurriyet-Mahallesi-Degirmenalti-Koseilyas-Yenice-Yeniciftlik-Marmaraereglisi-Muratli-Ergene-Corlu-Demirdokum-Kombi-Servisi.webp","datePublished":"2025-09-12T13:37:29+00:00","dateModified":"2025-09-12T13:46:50+00:00","author":{"@id":"https:\/\/tekirdagdemirdokumkombiservisi.com.tr\/#\/schema\/person\/c953e73d8f8d4eb8c1f01dc911c704ef"},"description":"Demird\u00f6k\u00fcm Kombi Aden F0 Ar\u0131za Kodu ve \u00c7\u00f6z\u00fcm\u00fc. F0 hatas\u0131, Demird\u00f6k\u00fcm kombilerde en s\u0131k g\u00f6r\u00fclen ar\u0131za kodlar\u0131ndan biridir. 0282 263 22 96","breadcrumb":{"@id":"https:\/\/tekirdagdemirdokumkombiservisi.com.tr\/index.php\/2025\/09\/12\/demirdokum-kombi-aden-f0-ariza-kodu\/#breadcrumb"},"inLanguage":"tr","potentialAction":[{"@type":"ReadAction","target":["https:\/\/tekirdagdemirdokumkombiservisi.com.tr\/index.php\/2025\/09\/12\/demirdokum-kombi-aden-f0-ariza-kodu\/"]}]},{"@type":"ImageObject","inLanguage":"tr","@id":"https:\/\/tekirdagdemirdokumkombiservisi.com.tr\/index.php\/2025\/09\/12\/demirdokum-kombi-aden-f0-ariza-kodu\/#primaryimage","url":"https:\/\/tekirdagdemirdokumkombiservisi.com.tr\/wp-content\/uploads\/2024\/09\/Tekirdag-Suleymanpasa-Altinova-Kumbag-Hurriyet-Mahallesi-Degirmenalti-Koseilyas-Yenice-Yeniciftlik-Marmaraereglisi-Muratli-Ergene-Corlu-Demirdokum-Kombi-Servisi.webp","contentUrl":"https:\/\/tekirdagdemirdokumkombiservisi.com.tr\/wp-content\/uploads\/2024\/09\/Tekirdag-Suleymanpasa-Altinova-Kumbag-Hurriyet-Mahallesi-Degirmenalti-Koseilyas-Yenice-Yeniciftlik-Marmaraereglisi-Muratli-Ergene-Corlu-Demirdokum-Kombi-Servisi.webp","width":1226,"height":566,"caption":"Tekirdag-Suleymanpasa-Altinova-Kumbag-Hurriyet-Mahallesi-Degirmenalti-Koseilyas-Yenice-Yeniciftlik-Marmaraereglisi-Muratli-Ergene-Corlu-Demirdokum-Kombi-Servisi"},{"@type":"BreadcrumbList","@id":"https:\/\/tekirdagdemirdokumkombiservisi.com.tr\/index.php\/2025\/09\/12\/demirdokum-kombi-aden-f0-ariza-kodu\/#breadcrumb","itemListElement":[{"@type":"ListItem","position":1,"name":"Anasayfa","item":"https:\/\/tekirdagdemirdokumkombiservisi.com.tr\/"},{"@type":"ListItem","position":2,"name":"Demird\u00f6k\u00fcm Kombi Aden F0 Ar\u0131za Kodu"}]},{"@type":"WebSite","@id":"https:\/\/tekirdagdemirdokumkombiservisi.com.tr\/#website","url":"https:\/\/tekirdagdemirdokumkombiservisi.com.tr\/","name":"Tekirda\u011f Demird\u00f6k\u00fcm Kombi Servisi 0282 263 22 96","description":"Ayn\u0131 G\u00fcn Hizmet 7\/24 Destek","potentialAction":[{"@type":"SearchAction","target":{"@type":"EntryPoint","urlTemplate":"https:\/\/tekirdagdemirdokumkombiservisi.com.tr\/?s={search_term_string}"},"query-input":{"@type":"PropertyValueSpecification","valueRequired":true,"valueName":"search_term_string"}}],"inLanguage":"tr"},{"@type":"Person","@id":"https:\/\/tekirdagdemirdokumkombiservisi.com.tr\/#\/schema\/person\/c953e73d8f8d4eb8c1f01dc911c704ef","name":"admin","image":{"@type":"ImageObject","inLanguage":"tr","@id":"https:\/\/secure.gravatar.com\/avatar\/109f5f4b7b9019d3dafecd09c33c5b24346740fdbf790f0505c3e6d8fcc4e9ac?s=96&d=mm&r=g","url":"https:\/\/secure.gravatar.com\/avatar\/109f5f4b7b9019d3dafecd09c33c5b24346740fdbf790f0505c3e6d8fcc4e9ac?s=96&d=mm&r=g","contentUrl":"https:\/\/secure.gravatar.com\/avatar\/109f5f4b7b9019d3dafecd09c33c5b24346740fdbf790f0505c3e6d8fcc4e9ac?s=96&d=mm&r=g","caption":"admin"},"sameAs":["https:\/\/tekirdagdemirdokumkombiservisi.com.tr"],"url":"https:\/\/tekirdagdemirdokumkombiservisi.com.tr\/index.php\/author\/erman\/"}]}},"_links":{"self":[{"href":"https:\/\/tekirdagdemirdokumkombiservisi.com.tr\/index.php\/wp-json\/wp\/v2\/posts\/941","targetHints":{"allow":["GET"]}}],"collection":[{"href":"https:\/\/tekirdagdemirdokumkombiservisi.com.tr\/index.php\/wp-json\/wp\/v2\/posts"}],"about":[{"href":"https:\/\/tekirdagdemirdokumkombiservisi.com.tr\/index.php\/wp-json\/wp\/v2\/types\/post"}],"author":[{"embeddable":true,"href":"https:\/\/tekirdagdemirdokumkombiservisi.com.tr\/index.php\/wp-json\/wp\/v2\/users\/1"}],"replies":[{"embeddable":true,"href":"https:\/\/tekirdagdemirdokumkombiservisi.com.tr\/index.php\/wp-json\/wp\/v2\/comments?post=941"}],"version-history":[{"count":4,"href":"https:\/\/tekirdagdemirdokumkombiservisi.com.tr\/index.php\/wp-json\/wp\/v2\/posts\/941\/revisions"}],"predecessor-version":[{"id":945,"href":"https:\/\/tekirdagdemirdokumkombiservisi.com.tr\/index.php\/wp-json\/wp\/v2\/posts\/941\/revisions\/945"}],"wp:attachment":[{"href":"https:\/\/tekirdagdemirdokumkombiservisi.com.tr\/index.php\/wp-json\/wp\/v2\/media?parent=941"}],"wp:term":[{"taxonomy":"category","embeddable":true,"href":"https:\/\/tekirdagdemirdokumkombiservisi.com.tr\/index.php\/wp-json\/wp\/v2\/categories?post=941"},{"taxonomy":"post_tag","embeddable":true,"href":"https:\/\/tekirdagdemirdokumkombiservisi.com.tr\/index.php\/wp-json\/wp\/v2\/tags?post=941"}],"curies":[{"name":"wp","href":"https:\/\/api.w.org\/{rel}","templated":true}]}}